{"id":1954,"date":"2026-04-17T19:49:00","date_gmt":"2026-04-17T17:49:00","guid":{"rendered":"http:\/\/wyszynskipiotr.pl\/?p=1954"},"modified":"2026-04-29T13:51:51","modified_gmt":"2026-04-29T11:51:51","slug":"waldemar-zurek-w-zielonce","status":"publish","type":"post","link":"http:\/\/wyszynskipiotr.pl\/?p=1954","title":{"rendered":"Waldemar \u017burek w Zielonce"},"content":{"rendered":"<div class=\"wp-block-image\">\n<figure class=\"aligncenter size-large\"><img loading=\"lazy\" decoding=\"async\" width=\"768\" height=\"1024\" src=\"http:\/\/wyszynskipiotr.pl\/wp-content\/uploads\/2026\/04\/672677412_26330569373291331_8464533851585899161_n-1-768x1024.jpg\" alt=\"\" class=\"wp-image-1951\" srcset=\"http:\/\/wyszynskipiotr.pl\/wp-content\/uploads\/2026\/04\/672677412_26330569373291331_8464533851585899161_n-1-768x1024.jpg 768w, http:\/\/wyszynskipiotr.pl\/wp-content\/uploads\/2026\/04\/672677412_26330569373291331_8464533851585899161_n-1-225x300.jpg 225w, http:\/\/wyszynskipiotr.pl\/wp-content\/uploads\/2026\/04\/672677412_26330569373291331_8464533851585899161_n-1-1152x1536.jpg 1152w, http:\/\/wyszynskipiotr.pl\/wp-content\/uploads\/2026\/04\/672677412_26330569373291331_8464533851585899161_n-1.jpg 1536w\" sizes=\"auto, (max-width: 768px) 100vw, 768px\" \/><\/figure>\n<\/div>\n\n\n<p>W Zielonce <strong>16.04.2026.<\/strong>\u00a0odby\u0142o si\u0119 otwarte spotkanie z Ministrem Sprawiedliwo\u015bci, Prokuratorem Generalnym Waldemarem \u017bURKIEM.<\/p>\n","protected":false},"excerpt":{"rendered":"<p>W Zielonce 16.04.2026.\u00a0odby\u0142o si\u0119 otwarte spotkanie z Ministrem Sprawiedliwo\u015bci, Prokuratorem Generalnym Waldemarem \u017bURKIEM.<\/p>\n","protected":false},"author":1,"featured_media":1951,"comment_status":"open","ping_status":"open","sticky":false,"template":"","format":"standard","meta":{"footnotes":""},"categories":[1],"tags":[],"class_list":["post-1954","post","type-post","status-publish","format-standard","has-post-thumbnail","hentry","category-news"],"_links":{"self":[{"href":"http:\/\/wyszynskipiotr.pl\/index.php?rest_route=\/wp\/v2\/posts\/1954","targetHints":{"allow":["GET"]}}],"collection":[{"href":"http:\/\/wyszynskipiotr.pl\/index.php?rest_route=\/wp\/v2\/posts"}],"about":[{"href":"http:\/\/wyszynskipiotr.pl\/index.php?rest_route=\/wp\/v2\/types\/post"}],"author":[{"embeddable":true,"href":"http:\/\/wyszynskipiotr.pl\/index.php?rest_route=\/wp\/v2\/users\/1"}],"replies":[{"embeddable":true,"href":"http:\/\/wyszynskipiotr.pl\/index.php?rest_route=%2Fwp%2Fv2%2Fcomments&post=1954"}],"version-history":[{"count":1,"href":"http:\/\/wyszynskipiotr.pl\/index.php?rest_route=\/wp\/v2\/posts\/1954\/revisions"}],"predecessor-version":[{"id":1955,"href":"http:\/\/wyszynskipiotr.pl\/index.php?rest_route=\/wp\/v2\/posts\/1954\/revisions\/1955"}],"wp:featuredmedia":[{"embeddable":true,"href":"http:\/\/wyszynskipiotr.pl\/index.php?rest_route=\/wp\/v2\/media\/1951"}],"wp:attachment":[{"href":"http:\/\/wyszynskipiotr.pl\/index.php?rest_route=%2Fwp%2Fv2%2Fmedia&parent=1954"}],"wp:term":[{"taxonomy":"category","embeddable":true,"href":"http:\/\/wyszynskipiotr.pl\/index.php?rest_route=%2Fwp%2Fv2%2Fcategories&post=1954"},{"taxonomy":"post_tag","embeddable":true,"href":"http:\/\/wyszynskipiotr.pl\/index.php?rest_route=%2Fwp%2Fv2%2Ftags&post=1954"}],"curies":[{"name":"wp","href":"https:\/\/api.w.org\/{rel}","templated":true}]}}