{"id":1944,"date":"2026-03-30T13:22:17","date_gmt":"2026-03-30T11:22:17","guid":{"rendered":"http:\/\/wyszynskipiotr.pl\/?p=1944"},"modified":"2026-04-29T15:23:03","modified_gmt":"2026-04-29T13:23:03","slug":"od-turnieju-do-xxiv-sesji-marzec26","status":"publish","type":"post","link":"http:\/\/wyszynskipiotr.pl\/?p=1944","title":{"rendered":"Od turnieju do XXIV sesji, marzec&#8217;26"},"content":{"rendered":"\n<figure class=\"wp-block-image size-full\"><img loading=\"lazy\" decoding=\"async\" width=\"791\" height=\"540\" src=\"http:\/\/wyszynskipiotr.pl\/wp-content\/uploads\/2026\/03\/658906265_26125109243837346_7984748756366779693_n.jpg\" alt=\"\" class=\"wp-image-1964\" srcset=\"http:\/\/wyszynskipiotr.pl\/wp-content\/uploads\/2026\/03\/658906265_26125109243837346_7984748756366779693_n.jpg 791w, http:\/\/wyszynskipiotr.pl\/wp-content\/uploads\/2026\/03\/658906265_26125109243837346_7984748756366779693_n-300x205.jpg 300w, http:\/\/wyszynskipiotr.pl\/wp-content\/uploads\/2026\/03\/658906265_26125109243837346_7984748756366779693_n-768x524.jpg 768w\" sizes=\"auto, (max-width: 791px) 100vw, 791px\" \/><\/figure>\n\n\n\n<p><strong>26.03.2026.<\/strong>&nbsp;Wo\u0142omin. XXIV sesja Rady Powiatu Wo\u0142omi\u0144skiego, <strong>23.03.2026.<\/strong>Wo\u0142omin. Komisja Edukacji Sportu i Turystyki Rady Powiatu Wo\u0142omi\u0144skiego, <strong>20.03.2026.<\/strong>&nbsp;Zielonka. Rada Powiatu Wo\u0142omi\u0144skiego Koalicji Obywatelskiej <strong>19.03.2026.<\/strong>&nbsp;Oss\u00f3w. Spotkanie przed\u015bwi\u0105teczne, <strong>14.03.2026.<\/strong>&nbsp;Marki. Powiatowa Gala Sportu, <strong>12.03.2026.<\/strong>&nbsp;Oss\u00f3w. Rada So\u0142ecka, <strong>09.03.2026.&nbsp;<\/strong>Wo\u0142omin. Zarz\u0105d Powiatowy Koalicji Obywatelskiej, <strong>09.03.2026.&nbsp;<\/strong>Wo\u0142omin. Komisja Skarg, Wniosk\u00f3w i Petycji Rady Powiatu Wo\u0142omi\u0144skiego, <strong>08.03.2026.&nbsp;<\/strong>Wo\u0142omin. I LO PUL koncert charytatywny\u201d Pomagamy Pani Ani\u201d, <strong>08.03.2026.&nbsp;<\/strong>Marki. Wybory w Koalicji Obywatelskiej, <strong>08.03.2026.&nbsp;<\/strong>Wo\u0142omin. Turniej Pi\u0142karski rocznik 2019 OSiR Huragan Wo\u0142omin, <strong>01.03.2026.<\/strong>&nbsp;Wo\u0142omin. Turniej Pi\u0142karski rocznik 2018 OSiR Huragan Wo\u0142omin.<\/p>\n\n\n\n<hr class=\"wp-block-separator aligncenter has-alpha-channel-opacity\"\/>\n\n\n\n<p><\/p>\n","protected":false},"excerpt":{"rendered":"<p>26.03.2026.\u00a0Wo\u0142omin. XXIV sesja Rady Powiatu Wo\u0142omi\u0144skiego, 23.03.2026.Wo\u0142omin. Komisja Edukacji Sportu i Turystyki Rady Powiatu Wo\u0142omi\u0144skiego, 20.03.2026.\u00a0Zielonka. Rada Powiatu Wo\u0142omi\u0144skiego Koalicji Obywatelskiej 19.03.2026.\u00a0Oss\u00f3w. Spotkanie przed\u015bwi\u0105teczne, 14.03.2026.\u00a0Marki. Powiatowa Gala Sportu, 12.03.2026.\u00a0Oss\u00f3w. Rada So\u0142ecka, 09.03.2026.\u00a0Wo\u0142omin. Zarz\u0105d Powiatowy Koalicji Obywatelskiej&#8230;<\/p>\n","protected":false},"author":1,"featured_media":1964,"comment_status":"open","ping_status":"open","sticky":false,"template":"","format":"standard","meta":{"footnotes":""},"categories":[1],"tags":[],"class_list":["post-1944","post","type-post","status-publish","format-standard","has-post-thumbnail","hentry","category-news"],"_links":{"self":[{"href":"http:\/\/wyszynskipiotr.pl\/index.php?rest_route=\/wp\/v2\/posts\/1944","targetHints":{"allow":["GET"]}}],"collection":[{"href":"http:\/\/wyszynskipiotr.pl\/index.php?rest_route=\/wp\/v2\/posts"}],"about":[{"href":"http:\/\/wyszynskipiotr.pl\/index.php?rest_route=\/wp\/v2\/types\/post"}],"author":[{"embeddable":true,"href":"http:\/\/wyszynskipiotr.pl\/index.php?rest_route=\/wp\/v2\/users\/1"}],"replies":[{"embeddable":true,"href":"http:\/\/wyszynskipiotr.pl\/index.php?rest_route=%2Fwp%2Fv2%2Fcomments&post=1944"}],"version-history":[{"count":2,"href":"http:\/\/wyszynskipiotr.pl\/index.php?rest_route=\/wp\/v2\/posts\/1944\/revisions"}],"predecessor-version":[{"id":1965,"href":"http:\/\/wyszynskipiotr.pl\/index.php?rest_route=\/wp\/v2\/posts\/1944\/revisions\/1965"}],"wp:featuredmedia":[{"embeddable":true,"href":"http:\/\/wyszynskipiotr.pl\/index.php?rest_route=\/wp\/v2\/media\/1964"}],"wp:attachment":[{"href":"http:\/\/wyszynskipiotr.pl\/index.php?rest_route=%2Fwp%2Fv2%2Fmedia&parent=1944"}],"wp:term":[{"taxonomy":"category","embeddable":true,"href":"http:\/\/wyszynskipiotr.pl\/index.php?rest_route=%2Fwp%2Fv2%2Fcategories&post=1944"},{"taxonomy":"post_tag","embeddable":true,"href":"http:\/\/wyszynskipiotr.pl\/index.php?rest_route=%2Fwp%2Fv2%2Ftags&post=1944"}],"curies":[{"name":"wp","href":"https:\/\/api.w.org\/{rel}","templated":true}]}}